{"id":3757,"date":"2023-11-06T09:25:39","date_gmt":"2023-11-06T08:25:39","guid":{"rendered":"https:\/\/collectifcommercial.fr\/?p=3757"},"modified":"2023-11-06T09:25:40","modified_gmt":"2023-11-06T08:25:40","slug":"faire-appel-a-une-force-de-vente-mutualisee-selective","status":"publish","type":"post","link":"https:\/\/collectifcommercial.fr\/index.php\/2023\/11\/06\/faire-appel-a-une-force-de-vente-mutualisee-selective\/","title":{"rendered":"Faire appel \u00e0 une force de vente mutualis\u00e9e s\u00e9lective, pourquoi ?"},"content":{"rendered":"\n<figure class=\"wp-block-image size-large is-resized\"><img fetchpriority=\"high\" decoding=\"async\" width=\"1024\" height=\"778\" src=\"https:\/\/collectifcommercial.fr\/wp-content\/uploads\/2023\/11\/teamwork-3309829_1280-1-1024x778.jpg\" alt=\"\" class=\"wp-image-3759\" style=\"aspect-ratio:1.3161953727506426;width:1056px;height:auto\" srcset=\"https:\/\/collectifcommercial.fr\/wp-content\/uploads\/2023\/11\/teamwork-3309829_1280-1-1024x778.jpg 1024w, https:\/\/collectifcommercial.fr\/wp-content\/uploads\/2023\/11\/teamwork-3309829_1280-1-300x228.jpg 300w, https:\/\/collectifcommercial.fr\/wp-content\/uploads\/2023\/11\/teamwork-3309829_1280-1-768x584.jpg 768w, https:\/\/collectifcommercial.fr\/wp-content\/uploads\/2023\/11\/teamwork-3309829_1280-1.jpg 1280w\" sizes=\"(max-width: 1024px) 100vw, 1024px\" \/><\/figure>\n\n\n\n<h2 class=\"wp-block-heading\">1. Pour des raisons financi\u00e8res<\/h2>\n\n\n\n<p>Faire appel \u00e0 une force de vente mutualis\u00e9e s\u00e9lective va vous permettre de :<\/p>\n\n\n\n<ul class=\"wp-block-list\">\n<li>Partagez les co\u00fbts de constitution et de&nbsp; gestion d\u2019une \u00e9quipe commerciale.<\/li>\n\n\n\n<li>\u00c9vitez les d\u00e9penses li\u00e9es au recrutement, \u00e0 la formation, ou aux avantages sociaux des commerciaux individuels.<\/li>\n\n\n\n<li>Vous donner acc\u00e8s \u00e0 toute une \u00e9quipe commerciale constitu\u00e9e de Chef des ventes, Chefs de secteur, Animateurs.<\/li>\n<\/ul>\n\n\n\n<p>Cet avantage peut \u00eatre particuli\u00e8rement avantageux pour les petites et moyennes entreprise qui souhaitent maximiser leur impact commercial tout en respectant des contraintes budg\u00e9taires.<\/p>\n\n\n\n<h2 class=\"wp-block-heading\">2. Faire appel \u00e0 une force de vente mutualis\u00e9e s\u00e9lective pour vous garantir une expertise et une flexibilit\u00e9<\/h2>\n\n\n\n<p>Le Collectif Commercial est constitu\u00e9 de professionnels de la grande distribution, passionn\u00e9e de l\u2019alimentation qui poss\u00e8dent une connaissance approfondie du march\u00e9 et des techniques de vente efficace.<\/p>\n\n\n\n<p>La flexibilit\u00e9 du Collectif Commercial va nous permettre d\u2019ajuster la taille de l\u2019\u00e9quipe en fonction de la demande de votre march\u00e9 en oubliant les contraintes li\u00e9es au licenciement ou au recrutement associ\u00e9es \u00e0 une \u00e9quipe en interne.<\/p>\n\n\n\n<p>Ce qui fait du Collectif Commercial une avantage consid\u00e9rable pour votre entreprise car celle-ci pourra r\u00e9pondre de mani\u00e8re agile aux fluctuations de votre activit\u00e9 commerciale.<\/p>\n\n\n\n<h2 class=\"wp-block-heading\">3. Faire appel \u00e0 une force de vente mutualis\u00e9e s\u00e9lective pour vous permettre de vous concentrer pleinement sur votre coeur de m\u00e9tier<\/h2>\n\n\n\n<p>Externaliser votre force de vente va vous permettre de vous concentrer pleinement sur ce que vous faites de mieux : votre m\u00e9tier.<\/p>\n\n\n\n<p>D\u00e9l\u00e9guer les activit\u00e9s de vente \u00e0 nos experts va vous permettre de vous accorder du temps pour le d\u00e9veloppement&nbsp; de vos produits ou services, \u00e0 l\u2019innovation et \u00e0 la gestion strat\u00e9gique de votre entreprise.<\/p>\n\n\n\n<p>En bref, cette force de vente ca pouvoir vous permettre :<\/p>\n\n\n\n<ul class=\"wp-block-list\">\n<li>D\u2019am\u00e9liorer de fa\u00e7on globale la qualit\u00e9 de vos produits ou services.<\/li>\n\n\n\n<li>De vous amener vers une meilleure satisfaction client.<\/li>\n\n\n\n<li>De r\u00e9aliser une augmentation des ventes et une croissance plus soutenue.<\/li>\n<\/ul>\n\n\n\n<h2 class=\"wp-block-heading\">Pour r\u00e9sumer <\/h2>\n\n\n\n<p>La force de vente mutualis\u00e9e du Collectif Commercial vous offre des avantages \u00e9conomiques, une expertise sp\u00e9cialis\u00e9e dans la grande distribution et permet \u00e0 votre entreprise de se concentrer sur ce qu\u2019elle fait de mieux !<\/p>\n\n\n\n<p>Vous souhaitez exp\u00e9rimenter la force de vente mutualis\u00e9e selective ? Rejoignez l\u2019aventure du Collectif Commercial !<\/p>\n\n\n\n<p>Contactez nous \u2026. <\/p>\n","protected":false},"excerpt":{"rendered":"<p>1. Pour des raisons financi\u00e8res Faire appel \u00e0 une force de vente mutualis\u00e9e s\u00e9lective va vous permettre de : Cet avantage peut \u00eatre particuli\u00e8rement avantageux pour les petites et moyennes entreprise qui souhaitent maximiser leur impact commercial tout en respectant des contraintes budg\u00e9taires. 2. Faire appel \u00e0 une force de vente mutualis\u00e9e s\u00e9lective pour vous&#8230;<\/p>\n","protected":false},"author":5,"featured_media":0,"comment_status":"open","ping_status":"open","sticky":false,"template":"","format":"standard","meta":{"_kadence_starter_templates_imported_post":false,"_kad_post_transparent":"","_kad_post_title":"","_kad_post_layout":"","_kad_post_sidebar_id":"","_kad_post_content_style":"","_kad_post_vertical_padding":"","_kad_post_feature":"","_kad_post_feature_position":"","_kad_post_header":false,"_kad_post_footer":false,"footnotes":""},"categories":[1],"tags":[],"class_list":["post-3757","post","type-post","status-publish","format-standard","hentry","category-non-classe"],"yoast_head":"<!-- This site is optimized with the Yoast SEO plugin v22.8 - https:\/\/yoast.com\/wordpress\/plugins\/seo\/ -->\n<title>Faire appel \u00e0 une force de vente mutualis\u00e9e s\u00e9lective, pourquoi ? - Collectif Commercial<\/title>\n<meta name=\"description\" content=\"Faire appel \u00e0 une force de vente mutualis\u00e9e s\u00e9lective pour optimiser vos investissements commerciaux, vous garantir une expertise commerciale.\" \/>\n<meta name=\"robots\" content=\"index, follow, max-snippet:-1, max-image-preview:large, max-video-preview:-1\" \/>\n<link rel=\"canonical\" href=\"https:\/\/collectifcommercial.fr\/index.php\/2023\/11\/06\/faire-appel-a-une-force-de-vente-mutualisee-selective\/\" \/>\n<meta property=\"og:locale\" content=\"fr_FR\" \/>\n<meta property=\"og:type\" content=\"article\" \/>\n<meta property=\"og:title\" content=\"Faire appel \u00e0 une force de vente mutualis\u00e9e s\u00e9lective, pourquoi ? - Collectif Commercial\" \/>\n<meta property=\"og:description\" content=\"Faire appel \u00e0 une force de vente mutualis\u00e9e s\u00e9lective pour optimiser vos investissements commerciaux, vous garantir une expertise commerciale.\" \/>\n<meta property=\"og:url\" content=\"https:\/\/collectifcommercial.fr\/index.php\/2023\/11\/06\/faire-appel-a-une-force-de-vente-mutualisee-selective\/\" \/>\n<meta property=\"og:site_name\" content=\"Collectif Commercial\" \/>\n<meta property=\"article:published_time\" content=\"2023-11-06T08:25:39+00:00\" \/>\n<meta property=\"article:modified_time\" content=\"2023-11-06T08:25:40+00:00\" \/>\n<meta property=\"og:image\" content=\"https:\/\/collectifcommercial.fr\/wp-content\/uploads\/2023\/11\/teamwork-3309829_1280-1-1024x778.jpg\" \/>\n<meta name=\"author\" content=\"Pauline Carpentier\" \/>\n<meta name=\"twitter:card\" content=\"summary_large_image\" \/>\n<meta name=\"twitter:label1\" content=\"\u00c9crit par\" \/>\n\t<meta name=\"twitter:data1\" content=\"Pauline Carpentier\" \/>\n\t<meta name=\"twitter:label2\" content=\"Dur\u00e9e de lecture estim\u00e9e\" \/>\n\t<meta name=\"twitter:data2\" content=\"3 minutes\" \/>\n<script type=\"application\/ld+json\" class=\"yoast-schema-graph\">{\"@context\":\"https:\/\/schema.org\",\"@graph\":[{\"@type\":\"Article\",\"@id\":\"https:\/\/collectifcommercial.fr\/index.php\/2023\/11\/06\/faire-appel-a-une-force-de-vente-mutualisee-selective\/#article\",\"isPartOf\":{\"@id\":\"https:\/\/collectifcommercial.fr\/index.php\/2023\/11\/06\/faire-appel-a-une-force-de-vente-mutualisee-selective\/\"},\"author\":{\"name\":\"Pauline Carpentier\",\"@id\":\"https:\/\/collectifcommercial.fr\/#\/schema\/person\/8188189bf57588e8d827d1e211732ab6\"},\"headline\":\"Faire appel \u00e0 une force de vente mutualis\u00e9e s\u00e9lective, pourquoi ?\",\"datePublished\":\"2023-11-06T08:25:39+00:00\",\"dateModified\":\"2023-11-06T08:25:40+00:00\",\"mainEntityOfPage\":{\"@id\":\"https:\/\/collectifcommercial.fr\/index.php\/2023\/11\/06\/faire-appel-a-une-force-de-vente-mutualisee-selective\/\"},\"wordCount\":407,\"commentCount\":0,\"publisher\":{\"@id\":\"https:\/\/collectifcommercial.fr\/#organization\"},\"image\":{\"@id\":\"https:\/\/collectifcommercial.fr\/index.php\/2023\/11\/06\/faire-appel-a-une-force-de-vente-mutualisee-selective\/#primaryimage\"},\"thumbnailUrl\":\"https:\/\/collectifcommercial.fr\/wp-content\/uploads\/2023\/11\/teamwork-3309829_1280-1-1024x778.jpg\",\"inLanguage\":\"fr-FR\",\"potentialAction\":[{\"@type\":\"CommentAction\",\"name\":\"Comment\",\"target\":[\"https:\/\/collectifcommercial.fr\/index.php\/2023\/11\/06\/faire-appel-a-une-force-de-vente-mutualisee-selective\/#respond\"]}]},{\"@type\":\"WebPage\",\"@id\":\"https:\/\/collectifcommercial.fr\/index.php\/2023\/11\/06\/faire-appel-a-une-force-de-vente-mutualisee-selective\/\",\"url\":\"https:\/\/collectifcommercial.fr\/index.php\/2023\/11\/06\/faire-appel-a-une-force-de-vente-mutualisee-selective\/\",\"name\":\"Faire appel \u00e0 une force de vente mutualis\u00e9e s\u00e9lective, pourquoi ? - Collectif Commercial\",\"isPartOf\":{\"@id\":\"https:\/\/collectifcommercial.fr\/#website\"},\"primaryImageOfPage\":{\"@id\":\"https:\/\/collectifcommercial.fr\/index.php\/2023\/11\/06\/faire-appel-a-une-force-de-vente-mutualisee-selective\/#primaryimage\"},\"image\":{\"@id\":\"https:\/\/collectifcommercial.fr\/index.php\/2023\/11\/06\/faire-appel-a-une-force-de-vente-mutualisee-selective\/#primaryimage\"},\"thumbnailUrl\":\"https:\/\/collectifcommercial.fr\/wp-content\/uploads\/2023\/11\/teamwork-3309829_1280-1-1024x778.jpg\",\"datePublished\":\"2023-11-06T08:25:39+00:00\",\"dateModified\":\"2023-11-06T08:25:40+00:00\",\"description\":\"Faire appel \u00e0 une force de vente mutualis\u00e9e s\u00e9lective pour optimiser vos investissements commerciaux, vous garantir une expertise commerciale.\",\"breadcrumb\":{\"@id\":\"https:\/\/collectifcommercial.fr\/index.php\/2023\/11\/06\/faire-appel-a-une-force-de-vente-mutualisee-selective\/#breadcrumb\"},\"inLanguage\":\"fr-FR\",\"potentialAction\":[{\"@type\":\"ReadAction\",\"target\":[\"https:\/\/collectifcommercial.fr\/index.php\/2023\/11\/06\/faire-appel-a-une-force-de-vente-mutualisee-selective\/\"]}]},{\"@type\":\"ImageObject\",\"inLanguage\":\"fr-FR\",\"@id\":\"https:\/\/collectifcommercial.fr\/index.php\/2023\/11\/06\/faire-appel-a-une-force-de-vente-mutualisee-selective\/#primaryimage\",\"url\":\"https:\/\/collectifcommercial.fr\/wp-content\/uploads\/2023\/11\/teamwork-3309829_1280-1.jpg\",\"contentUrl\":\"https:\/\/collectifcommercial.fr\/wp-content\/uploads\/2023\/11\/teamwork-3309829_1280-1.jpg\",\"width\":1280,\"height\":973},{\"@type\":\"BreadcrumbList\",\"@id\":\"https:\/\/collectifcommercial.fr\/index.php\/2023\/11\/06\/faire-appel-a-une-force-de-vente-mutualisee-selective\/#breadcrumb\",\"itemListElement\":[{\"@type\":\"ListItem\",\"position\":1,\"name\":\"Accueil\",\"item\":\"https:\/\/collectifcommercial.fr\/\"},{\"@type\":\"ListItem\",\"position\":2,\"name\":\"Faire appel \u00e0 une force de vente mutualis\u00e9e s\u00e9lective, pourquoi ?\"}]},{\"@type\":\"WebSite\",\"@id\":\"https:\/\/collectifcommercial.fr\/#website\",\"url\":\"https:\/\/collectifcommercial.fr\/\",\"name\":\"Collectif Commercial\",\"description\":\"Ensemble vers l&#039;Excellence !\",\"publisher\":{\"@id\":\"https:\/\/collectifcommercial.fr\/#organization\"},\"potentialAction\":[{\"@type\":\"SearchAction\",\"target\":{\"@type\":\"EntryPoint\",\"urlTemplate\":\"https:\/\/collectifcommercial.fr\/?s={search_term_string}\"},\"query-input\":\"required name=search_term_string\"}],\"inLanguage\":\"fr-FR\"},{\"@type\":\"Organization\",\"@id\":\"https:\/\/collectifcommercial.fr\/#organization\",\"name\":\"Collectif Commercial\",\"url\":\"https:\/\/collectifcommercial.fr\/\",\"logo\":{\"@type\":\"ImageObject\",\"inLanguage\":\"fr-FR\",\"@id\":\"https:\/\/collectifcommercial.fr\/#\/schema\/logo\/image\/\",\"url\":\"https:\/\/collectifcommercial.fr\/wp-content\/uploads\/2023\/05\/logo-collectif-commercial-1.png\",\"contentUrl\":\"https:\/\/collectifcommercial.fr\/wp-content\/uploads\/2023\/05\/logo-collectif-commercial-1.png\",\"width\":800,\"height\":800,\"caption\":\"Collectif Commercial\"},\"image\":{\"@id\":\"https:\/\/collectifcommercial.fr\/#\/schema\/logo\/image\/\"}},{\"@type\":\"Person\",\"@id\":\"https:\/\/collectifcommercial.fr\/#\/schema\/person\/8188189bf57588e8d827d1e211732ab6\",\"name\":\"Pauline Carpentier\",\"image\":{\"@type\":\"ImageObject\",\"inLanguage\":\"fr-FR\",\"@id\":\"https:\/\/collectifcommercial.fr\/#\/schema\/person\/image\/\",\"url\":\"https:\/\/secure.gravatar.com\/avatar\/f05e4e0afb2aed7108094e3ad066e54d4f4a19e5b9ff543ef624f903543bf015?s=96&d=mm&r=g\",\"contentUrl\":\"https:\/\/secure.gravatar.com\/avatar\/f05e4e0afb2aed7108094e3ad066e54d4f4a19e5b9ff543ef624f903543bf015?s=96&d=mm&r=g\",\"caption\":\"Pauline Carpentier\"},\"url\":\"https:\/\/collectifcommercial.fr\/index.php\/author\/pauline-lcc\/\"}]}<\/script>\n<!-- \/ Yoast SEO plugin. -->","yoast_head_json":{"title":"Faire appel \u00e0 une force de vente mutualis\u00e9e s\u00e9lective, pourquoi ? - Collectif Commercial","description":"Faire appel \u00e0 une force de vente mutualis\u00e9e s\u00e9lective pour optimiser vos investissements commerciaux, vous garantir une expertise commerciale.","robots":{"index":"index","follow":"follow","max-snippet":"max-snippet:-1","max-image-preview":"max-image-preview:large","max-video-preview":"max-video-preview:-1"},"canonical":"https:\/\/collectifcommercial.fr\/index.php\/2023\/11\/06\/faire-appel-a-une-force-de-vente-mutualisee-selective\/","og_locale":"fr_FR","og_type":"article","og_title":"Faire appel \u00e0 une force de vente mutualis\u00e9e s\u00e9lective, pourquoi ? - Collectif Commercial","og_description":"Faire appel \u00e0 une force de vente mutualis\u00e9e s\u00e9lective pour optimiser vos investissements commerciaux, vous garantir une expertise commerciale.","og_url":"https:\/\/collectifcommercial.fr\/index.php\/2023\/11\/06\/faire-appel-a-une-force-de-vente-mutualisee-selective\/","og_site_name":"Collectif Commercial","article_published_time":"2023-11-06T08:25:39+00:00","article_modified_time":"2023-11-06T08:25:40+00:00","og_image":[{"url":"https:\/\/collectifcommercial.fr\/wp-content\/uploads\/2023\/11\/teamwork-3309829_1280-1-1024x778.jpg"}],"author":"Pauline Carpentier","twitter_card":"summary_large_image","twitter_misc":{"\u00c9crit par":"Pauline Carpentier","Dur\u00e9e de lecture estim\u00e9e":"3 minutes"},"schema":{"@context":"https:\/\/schema.org","@graph":[{"@type":"Article","@id":"https:\/\/collectifcommercial.fr\/index.php\/2023\/11\/06\/faire-appel-a-une-force-de-vente-mutualisee-selective\/#article","isPartOf":{"@id":"https:\/\/collectifcommercial.fr\/index.php\/2023\/11\/06\/faire-appel-a-une-force-de-vente-mutualisee-selective\/"},"author":{"name":"Pauline Carpentier","@id":"https:\/\/collectifcommercial.fr\/#\/schema\/person\/8188189bf57588e8d827d1e211732ab6"},"headline":"Faire appel \u00e0 une force de vente mutualis\u00e9e s\u00e9lective, pourquoi ?","datePublished":"2023-11-06T08:25:39+00:00","dateModified":"2023-11-06T08:25:40+00:00","mainEntityOfPage":{"@id":"https:\/\/collectifcommercial.fr\/index.php\/2023\/11\/06\/faire-appel-a-une-force-de-vente-mutualisee-selective\/"},"wordCount":407,"commentCount":0,"publisher":{"@id":"https:\/\/collectifcommercial.fr\/#organization"},"image":{"@id":"https:\/\/collectifcommercial.fr\/index.php\/2023\/11\/06\/faire-appel-a-une-force-de-vente-mutualisee-selective\/#primaryimage"},"thumbnailUrl":"https:\/\/collectifcommercial.fr\/wp-content\/uploads\/2023\/11\/teamwork-3309829_1280-1-1024x778.jpg","inLanguage":"fr-FR","potentialAction":[{"@type":"CommentAction","name":"Comment","target":["https:\/\/collectifcommercial.fr\/index.php\/2023\/11\/06\/faire-appel-a-une-force-de-vente-mutualisee-selective\/#respond"]}]},{"@type":"WebPage","@id":"https:\/\/collectifcommercial.fr\/index.php\/2023\/11\/06\/faire-appel-a-une-force-de-vente-mutualisee-selective\/","url":"https:\/\/collectifcommercial.fr\/index.php\/2023\/11\/06\/faire-appel-a-une-force-de-vente-mutualisee-selective\/","name":"Faire appel \u00e0 une force de vente mutualis\u00e9e s\u00e9lective, pourquoi ? - Collectif Commercial","isPartOf":{"@id":"https:\/\/collectifcommercial.fr\/#website"},"primaryImageOfPage":{"@id":"https:\/\/collectifcommercial.fr\/index.php\/2023\/11\/06\/faire-appel-a-une-force-de-vente-mutualisee-selective\/#primaryimage"},"image":{"@id":"https:\/\/collectifcommercial.fr\/index.php\/2023\/11\/06\/faire-appel-a-une-force-de-vente-mutualisee-selective\/#primaryimage"},"thumbnailUrl":"https:\/\/collectifcommercial.fr\/wp-content\/uploads\/2023\/11\/teamwork-3309829_1280-1-1024x778.jpg","datePublished":"2023-11-06T08:25:39+00:00","dateModified":"2023-11-06T08:25:40+00:00","description":"Faire appel \u00e0 une force de vente mutualis\u00e9e s\u00e9lective pour optimiser vos investissements commerciaux, vous garantir une expertise commerciale.","breadcrumb":{"@id":"https:\/\/collectifcommercial.fr\/index.php\/2023\/11\/06\/faire-appel-a-une-force-de-vente-mutualisee-selective\/#breadcrumb"},"inLanguage":"fr-FR","potentialAction":[{"@type":"ReadAction","target":["https:\/\/collectifcommercial.fr\/index.php\/2023\/11\/06\/faire-appel-a-une-force-de-vente-mutualisee-selective\/"]}]},{"@type":"ImageObject","inLanguage":"fr-FR","@id":"https:\/\/collectifcommercial.fr\/index.php\/2023\/11\/06\/faire-appel-a-une-force-de-vente-mutualisee-selective\/#primaryimage","url":"https:\/\/collectifcommercial.fr\/wp-content\/uploads\/2023\/11\/teamwork-3309829_1280-1.jpg","contentUrl":"https:\/\/collectifcommercial.fr\/wp-content\/uploads\/2023\/11\/teamwork-3309829_1280-1.jpg","width":1280,"height":973},{"@type":"BreadcrumbList","@id":"https:\/\/collectifcommercial.fr\/index.php\/2023\/11\/06\/faire-appel-a-une-force-de-vente-mutualisee-selective\/#breadcrumb","itemListElement":[{"@type":"ListItem","position":1,"name":"Accueil","item":"https:\/\/collectifcommercial.fr\/"},{"@type":"ListItem","position":2,"name":"Faire appel \u00e0 une force de vente mutualis\u00e9e s\u00e9lective, pourquoi ?"}]},{"@type":"WebSite","@id":"https:\/\/collectifcommercial.fr\/#website","url":"https:\/\/collectifcommercial.fr\/","name":"Collectif Commercial","description":"Ensemble vers l&#039;Excellence !","publisher":{"@id":"https:\/\/collectifcommercial.fr\/#organization"},"potentialAction":[{"@type":"SearchAction","target":{"@type":"EntryPoint","urlTemplate":"https:\/\/collectifcommercial.fr\/?s={search_term_string}"},"query-input":"required name=search_term_string"}],"inLanguage":"fr-FR"},{"@type":"Organization","@id":"https:\/\/collectifcommercial.fr\/#organization","name":"Collectif Commercial","url":"https:\/\/collectifcommercial.fr\/","logo":{"@type":"ImageObject","inLanguage":"fr-FR","@id":"https:\/\/collectifcommercial.fr\/#\/schema\/logo\/image\/","url":"https:\/\/collectifcommercial.fr\/wp-content\/uploads\/2023\/05\/logo-collectif-commercial-1.png","contentUrl":"https:\/\/collectifcommercial.fr\/wp-content\/uploads\/2023\/05\/logo-collectif-commercial-1.png","width":800,"height":800,"caption":"Collectif Commercial"},"image":{"@id":"https:\/\/collectifcommercial.fr\/#\/schema\/logo\/image\/"}},{"@type":"Person","@id":"https:\/\/collectifcommercial.fr\/#\/schema\/person\/8188189bf57588e8d827d1e211732ab6","name":"Pauline Carpentier","image":{"@type":"ImageObject","inLanguage":"fr-FR","@id":"https:\/\/collectifcommercial.fr\/#\/schema\/person\/image\/","url":"https:\/\/secure.gravatar.com\/avatar\/f05e4e0afb2aed7108094e3ad066e54d4f4a19e5b9ff543ef624f903543bf015?s=96&d=mm&r=g","contentUrl":"https:\/\/secure.gravatar.com\/avatar\/f05e4e0afb2aed7108094e3ad066e54d4f4a19e5b9ff543ef624f903543bf015?s=96&d=mm&r=g","caption":"Pauline Carpentier"},"url":"https:\/\/collectifcommercial.fr\/index.php\/author\/pauline-lcc\/"}]}},"_links":{"self":[{"href":"https:\/\/collectifcommercial.fr\/index.php\/wp-json\/wp\/v2\/posts\/3757","targetHints":{"allow":["GET"]}}],"collection":[{"href":"https:\/\/collectifcommercial.fr\/index.php\/wp-json\/wp\/v2\/posts"}],"about":[{"href":"https:\/\/collectifcommercial.fr\/index.php\/wp-json\/wp\/v2\/types\/post"}],"author":[{"embeddable":true,"href":"https:\/\/collectifcommercial.fr\/index.php\/wp-json\/wp\/v2\/users\/5"}],"replies":[{"embeddable":true,"href":"https:\/\/collectifcommercial.fr\/index.php\/wp-json\/wp\/v2\/comments?post=3757"}],"version-history":[{"count":1,"href":"https:\/\/collectifcommercial.fr\/index.php\/wp-json\/wp\/v2\/posts\/3757\/revisions"}],"predecessor-version":[{"id":3760,"href":"https:\/\/collectifcommercial.fr\/index.php\/wp-json\/wp\/v2\/posts\/3757\/revisions\/3760"}],"wp:attachment":[{"href":"https:\/\/collectifcommercial.fr\/index.php\/wp-json\/wp\/v2\/media?parent=3757"}],"wp:term":[{"taxonomy":"category","embeddable":true,"href":"https:\/\/collectifcommercial.fr\/index.php\/wp-json\/wp\/v2\/categories?post=3757"},{"taxonomy":"post_tag","embeddable":true,"href":"https:\/\/collectifcommercial.fr\/index.php\/wp-json\/wp\/v2\/tags?post=3757"}],"curies":[{"name":"wp","href":"https:\/\/api.w.org\/{rel}","templated":true}]}}